{"id":5826,"date":"2021-04-15T06:35:32","date_gmt":"2021-04-15T05:35:32","guid":{"rendered":"http:\/\/bmxterrassa.cat\/web\/?p=5826"},"modified":"2021-04-16T09:50:46","modified_gmt":"2021-04-16T08:50:46","slug":"copa-de-espana-2021-terrassa-%c2%b7-cronica-de-carrera-y-resultados","status":"publish","type":"post","link":"https:\/\/bmxterrassa.cat\/web\/copa-de-espana-2021-terrassa-%c2%b7-cronica-de-carrera-y-resultados\/","title":{"rendered":"Copa de Espa\u00f1a 2021 Terrassa \u00b7 Cr\u00f3nica de Carrera y Resultados"},"content":{"rendered":"\n<p>El pasado fin de semana se celebr\u00f3 en nuestras instalaciones la <strong>3a &amp; 4\u00aa Ronda de la Copa de Espa\u00f1a de BMX Race 2021<\/strong>, tras meses de trabajo, esfuerzo y dedicaci\u00f3n por fin llegaba la carrera m\u00e1s importante del a\u00f1o a nuestra ciudad, est\u00e1bamos preparados para la carrera.<br><br><strong>Los mejores riders nacionales<\/strong> se dieron cita en nuestro circuito para consolidar los buenos resultados obtenidos en la ronda previa en Mazarr\u00f3n.<br><br>Nuestras instalaciones recibieron la visita de un total de <strong>265 riders<\/strong>, nacionales e internacionales, provenientes de la Pen\u00ednsula, Portugal, Brasil, Letonia, Finlandia, Suiza, Ecuador y Francia.<\/p>\n\n\n\n<p>El S\u00e1bado por la tarde tras los primeros entrenamientos libres de la ma\u00f1ana, empezaba la acci\u00f3n. Nuestro equipo pon\u00eda en pista <strong>un total de 65 riders<\/strong> que defender\u00edan <strong>los colores de Terrassa<\/strong> en cada una de las mangas de esta competici\u00f3n.<\/p>\n\n\n\n<figure class=\"wp-block-image\"><img loading=\"lazy\" decoding=\"async\" width=\"1024\" height=\"377\" src=\"https:\/\/bmxterrassa.cat\/web\/wp-content\/uploads\/2019\/12\/Artboard-1-1024x377.jpg\" alt=\"\" class=\"wp-image-5371\" srcset=\"https:\/\/bmxterrassa.cat\/web\/wp-content\/uploads\/2019\/12\/Artboard-1-1024x377.jpg 1024w, https:\/\/bmxterrassa.cat\/web\/wp-content\/uploads\/2019\/12\/Artboard-1-300x111.jpg 300w, https:\/\/bmxterrassa.cat\/web\/wp-content\/uploads\/2019\/12\/Artboard-1-768x283.jpg 768w, https:\/\/bmxterrassa.cat\/web\/wp-content\/uploads\/2019\/12\/Artboard-1-696x257.jpg 696w, https:\/\/bmxterrassa.cat\/web\/wp-content\/uploads\/2019\/12\/Artboard-1-1068x394.jpg 1068w, https:\/\/bmxterrassa.cat\/web\/wp-content\/uploads\/2019\/12\/Artboard-1-1139x420.jpg 1139w\" sizes=\"(max-width: 1024px) 100vw, 1024px\" \/><\/figure>\n\n\n\n<h2 class=\"wp-block-heading\">Carrera del S\u00e1bado<\/h2>\n\n\n\n<p>Empezaban las carreras e <strong>Irene Salguero<\/strong> era la encargada de estrenar el casillero de podios de nuestro equipo con una fant\u00e1stica <strong>3\u00aa posici\u00f3n en Promesas 5&amp;6<\/strong>. Le tocaba el turno a <strong>Eric Serrano<\/strong>, actual Campe\u00f3n de Espa\u00f1a, que se afianzaba a la <strong>2\u00ba posici\u00f3n<\/strong> tras unas carreras muy ajustadas. <\/p>\n\n\n\n<p><strong>Sa\u00fal P\u00e9rez<\/strong> consigui\u00f3 una excelente <strong>3\u00ba posici\u00f3n<\/strong> en la categor\u00eda Alev\u00edn, por su parte <strong>Sergio Morillo <\/strong>consegu\u00eda otro <strong>3er puesto<\/strong> en la Categor\u00eda Infantil. Su compa\u00f1era de equipo <strong>Berta Mart\u00ednez<\/strong> logr\u00f3 una fant\u00e1stica <strong>3a posici\u00f3n en Infantil Femenina<\/strong> tras batallar en cada una de sus mangas.<br><br><strong>Arlet Fabregat <\/strong>debutante en esta Copa de Espa\u00f1a consigui\u00f3 una <strong>2a posici\u00f3n<\/strong> en la <strong>Categor\u00eda 5 &amp; 6.<\/strong><\/p>\n\n\n\n<h2 class=\"wp-block-heading\">Carrera del Domingo<\/h2>\n\n\n\n<p>El Domingo <strong>Irene Salguero<\/strong> volvi\u00f3 a sorprender a todos consiguiendo de nuevo una <strong>3\u00aa posici\u00f3n en Promesas 5 &amp; 6, Eros S\u00e1nche<\/strong>z no quiso perderse la fiesta y consigui\u00f3 una espectacular <strong>3\u00aa posici\u00f3n<\/strong> en su carrera nacional de debut en <strong>Categor\u00eda 5 &amp; 6<\/strong>.<\/p>\n\n\n\n<p><strong>El BMX Terrass<\/strong>a consigui\u00f3 un total de <strong>8 podios en la Copa de Espa\u00f1a 2021<\/strong> en casa.<br>Agradecer mucho el apoyo de nuestros <strong>patrocinadores y colaboradores.<\/strong><\/p>\n\n\n\n<h3 class=\"wp-block-heading\"><strong>Resultados completos de la Ronda 3 &amp; 4 Copa<\/strong><\/h3>\n\n\n\n<p>Clasificaciones finales del S\u00e1bado 10:<br><a href=\"https:\/\/tinyurl.com\/4zx8db9d\" target=\"_blank\" rel=\"noreferrer noopener\">https:\/\/tinyurl.com\/4zx8db9d<\/a><\/p>\n\n\n\n<p>Clasificaciones finales del Domingo 11:<br><a rel=\"noreferrer noopener\" href=\"https:\/\/tinyurl.com\/3wdpwzan\" target=\"_blank\">https:\/\/tinyurl.com\/3wdpwzan<\/a><\/p>\n\n\n\n<h3 class=\"wp-block-heading\"><strong>Galer\u00eda de fotos del Evento:<\/strong><\/h3>\n\n\n\n<p><a href=\"https:\/\/tinyurl.com\/km7ev24b\">Galer\u00eda de Fotos BMX Terrassa &#8211;  Jose Moreno<br><\/a><a href=\"https:\/\/tinyurl.com\/jf53w8wb\">Galer\u00eda de Fotos de BunnyBMX en Facebook<\/a><br><a href=\"http:\/\/www.diarideterrassa.es\/multimedia\/fotos\/terrassa\/2021-04-14-194857-copa-despanya-circuit-arenes.html\">Galer\u00eda de Fotos Diari de Terrassa<\/a><\/p>\n\n\n\n<h3 class=\"wp-block-heading\"><strong>Nuestros Patrocinadores <\/strong><\/h3>\n\n\n\n<p><a href=\"https:\/\/www.tappx.com\/es\/\">Tappx<\/a> \u00b7 <a href=\"https:\/\/www.100percent.com\/pages\/bike\">100%<\/a> \u00b7 <a href=\"https:\/\/rubion.es\/\">Rubi\u00f3n<\/a> \u00b7 <a href=\"https:\/\/amtallers.com\/\">AM Tallers<\/a> \u00b7 <a href=\"http:\/\/www.bbgrafics.com\/\">BB Grafics<\/a> \u00b7 <a href=\"https:\/\/www.zincadossanchez.com\/\">Zincados<\/a> \u00b7 <a href=\"https:\/\/www.mtbatugusto.es\/es\/\">MTB a tu Gusto<\/a> \u00b7 <a href=\"https:\/\/www.hotelterrassapark.com\/es\/\">Hotel Terrassa Park<\/a> \u00b7 <a href=\"http:\/\/www.airgrafic.com\/\">Air Gr\u00e1fic<\/a> \u00b7 <a href=\"https:\/\/www.manelibars.com\/\">Manelibars.com<\/a> \u00b7 <a href=\"https:\/\/es-es.facebook.com\/Eccentric-Peluqueria-Est%C3%A9tica-y-Sol%C3%A1rium-1451951821775863\/\">Eccentric Perruquers<\/a> \u00b7 <a href=\"https:\/\/www.facebook.com\/Todo-Mascota-332768056778207\/\">Todo Mascota<\/a> \u00b7 <a href=\"https:\/\/www.centreveterinarilagripia.com\/\">Centre Veterinari La Gripia<\/a> \u00b7 <a href=\"https:\/\/www.vazquezibenages.com\/\">V\u00e1zquez i Benages<\/a> \u00b7 <a href=\"http:\/\/www.centricfinques.com\/\">C\u00e8ntric Finques<\/a> \u00b7 <a href=\"http:\/\/www.wolfproracing.com\/\">WolfPro<\/a><\/p>\n","protected":false},"excerpt":{"rendered":"<p>El pasado fin de semana se celebr\u00f3 en nuestras instalaciones la 3a &amp; 4\u00aa Ronda de la Copa de Espa\u00f1a de BMX Race 2021, tras meses de trabajo, esfuerzo y dedicaci\u00f3n por fin llegaba la carrera m\u00e1s importante del a\u00f1o a nuestra ciudad, est\u00e1bamos preparados para la carrera. Los mejores riders nacionales se dieron cita [&hellip;]<\/p>\n","protected":false},"author":5,"featured_media":5827,"comment_status":"open","ping_status":"open","sticky":false,"template":"","format":"standard","meta":{"footnotes":""},"categories":[145],"tags":[237,205,176,185,241,212,192,188,235,250,268,251],"_links":{"self":[{"href":"https:\/\/bmxterrassa.cat\/web\/wp-json\/wp\/v2\/posts\/5826"}],"collection":[{"href":"https:\/\/bmxterrassa.cat\/web\/wp-json\/wp\/v2\/posts"}],"about":[{"href":"https:\/\/bmxterrassa.cat\/web\/wp-json\/wp\/v2\/types\/post"}],"author":[{"embeddable":true,"href":"https:\/\/bmxterrassa.cat\/web\/wp-json\/wp\/v2\/users\/5"}],"replies":[{"embeddable":true,"href":"https:\/\/bmxterrassa.cat\/web\/wp-json\/wp\/v2\/comments?post=5826"}],"version-history":[{"count":14,"href":"https:\/\/bmxterrassa.cat\/web\/wp-json\/wp\/v2\/posts\/5826\/revisions"}],"predecessor-version":[{"id":5887,"href":"https:\/\/bmxterrassa.cat\/web\/wp-json\/wp\/v2\/posts\/5826\/revisions\/5887"}],"wp:featuredmedia":[{"embeddable":true,"href":"https:\/\/bmxterrassa.cat\/web\/wp-json\/wp\/v2\/media\/5827"}],"wp:attachment":[{"href":"https:\/\/bmxterrassa.cat\/web\/wp-json\/wp\/v2\/media?parent=5826"}],"wp:term":[{"taxonomy":"category","embeddable":true,"href":"https:\/\/bmxterrassa.cat\/web\/wp-json\/wp\/v2\/categories?post=5826"},{"taxonomy":"post_tag","embeddable":true,"href":"https:\/\/bmxterrassa.cat\/web\/wp-json\/wp\/v2\/tags?post=5826"}],"curies":[{"name":"wp","href":"https:\/\/api.w.org\/{rel}","templated":true}]}}