{"id":6996,"date":"2024-11-30T07:41:54","date_gmt":"2024-11-30T06:41:54","guid":{"rendered":"https:\/\/bmxterrassa.cat\/web\/?p=6996"},"modified":"2024-11-30T07:41:56","modified_gmt":"2024-11-30T06:41:56","slug":"clinic-performance-eddy-clerte","status":"publish","type":"post","link":"https:\/\/bmxterrassa.cat\/web\/clinic-performance-eddy-clerte\/","title":{"rendered":"Clinic Performance Eddy Clerte"},"content":{"rendered":"\n<p>Por primera vez y en exclusiva, el <strong>Campe\u00f3n del Mundo de Pumptrack y Medalla de Bronce<\/strong> en el Europeo de Zolder&#8217; 21, <strong>Eddy Clerte <\/strong>celebrar\u00e1 un Cl\u00ednic Performance pre-carrera bajo el marco del evento del <strong>BMXMAS 2024<\/strong> en el BMX Terrassa el pr\u00f3ximo S\u00e1bado 21 de Diciembre a puerta cerrada.<\/p>\n\n\n\n<p>En este Cl\u00ednic se preparar\u00e1 al detalle la carrera de BMXAS, salidas, trazadas, t\u00e9cnica, adelantamientos, estrategia de carrera, preparaci\u00f3n previa a la competici\u00f3n, todo bajo la supervisi\u00f3n de Eddy Clerte WC 2021<\/p>\n\n\n\n<figure class=\"wp-block-image size-large\"><img loading=\"lazy\" decoding=\"async\" width=\"1024\" height=\"683\" src=\"https:\/\/bmxterrassa.cat\/web\/wp-content\/uploads\/2024\/11\/image2-1024x683.jpeg\" alt=\"\" class=\"wp-image-6998\" srcset=\"https:\/\/bmxterrassa.cat\/web\/wp-content\/uploads\/2024\/11\/image2-1024x683.jpeg 1024w, https:\/\/bmxterrassa.cat\/web\/wp-content\/uploads\/2024\/11\/image2-300x200.jpeg 300w, https:\/\/bmxterrassa.cat\/web\/wp-content\/uploads\/2024\/11\/image2-768x512.jpeg 768w, https:\/\/bmxterrassa.cat\/web\/wp-content\/uploads\/2024\/11\/image2-1536x1024.jpeg 1536w, https:\/\/bmxterrassa.cat\/web\/wp-content\/uploads\/2024\/11\/image2-2048x1365.jpeg 2048w, https:\/\/bmxterrassa.cat\/web\/wp-content\/uploads\/2024\/11\/image2-630x420.jpeg 630w, https:\/\/bmxterrassa.cat\/web\/wp-content\/uploads\/2024\/11\/image2-696x464.jpeg 696w, https:\/\/bmxterrassa.cat\/web\/wp-content\/uploads\/2024\/11\/image2-1068x712.jpeg 1068w\" sizes=\"(max-width: 1024px) 100vw, 1024px\" \/><\/figure>\n\n\n\n<p>Este Cl\u00ednic tendr\u00e1 una duraci\u00f3n de 2 horas, total 4 horas al fin de la jornada.<br>Estar\u00e1 dividido en 2 grupos distintos por nivel, edad y diferentes franjas horarias:<\/p>\n\n\n\n<p><strong>Grupo Young &amp; Beginners <\/strong>(<em>De 5 a 11 a\u00f1os<\/em>) De 10.00 a 12.00h&nbsp;<br><strong>Grupo +12 Performance<\/strong> (<em>Desde 12 a adultos<\/em>) De 16.00 a 18.00h<\/p>\n\n\n\n<figure class=\"wp-block-gallery has-nested-images columns-default is-cropped wp-block-gallery-1 is-layout-flex wp-block-gallery-is-layout-flex\">\n<figure class=\"wp-block-image size-large\"><img loading=\"lazy\" decoding=\"async\" width=\"683\" height=\"1024\" data-id=\"7000\" src=\"https:\/\/bmxterrassa.cat\/web\/wp-content\/uploads\/2024\/11\/image0-683x1024.jpeg\" alt=\"\" class=\"wp-image-7000\" srcset=\"https:\/\/bmxterrassa.cat\/web\/wp-content\/uploads\/2024\/11\/image0-683x1024.jpeg 683w, https:\/\/bmxterrassa.cat\/web\/wp-content\/uploads\/2024\/11\/image0-200x300.jpeg 200w, https:\/\/bmxterrassa.cat\/web\/wp-content\/uploads\/2024\/11\/image0-768x1152.jpeg 768w, https:\/\/bmxterrassa.cat\/web\/wp-content\/uploads\/2024\/11\/image0-1024x1536.jpeg 1024w, https:\/\/bmxterrassa.cat\/web\/wp-content\/uploads\/2024\/11\/image0-1365x2048.jpeg 1365w, https:\/\/bmxterrassa.cat\/web\/wp-content\/uploads\/2024\/11\/image0-280x420.jpeg 280w, https:\/\/bmxterrassa.cat\/web\/wp-content\/uploads\/2024\/11\/image0-696x1044.jpeg 696w, https:\/\/bmxterrassa.cat\/web\/wp-content\/uploads\/2024\/11\/image0-1068x1602.jpeg 1068w, https:\/\/bmxterrassa.cat\/web\/wp-content\/uploads\/2024\/11\/image0-scaled.jpeg 1706w\" sizes=\"(max-width: 683px) 100vw, 683px\" \/><\/figure>\n\n\n\n<figure class=\"wp-block-image size-large\"><img loading=\"lazy\" decoding=\"async\" width=\"1024\" height=\"683\" data-id=\"7001\" src=\"https:\/\/bmxterrassa.cat\/web\/wp-content\/uploads\/2024\/11\/image1-1024x683.jpeg\" alt=\"\" class=\"wp-image-7001\" srcset=\"https:\/\/bmxterrassa.cat\/web\/wp-content\/uploads\/2024\/11\/image1-1024x683.jpeg 1024w, https:\/\/bmxterrassa.cat\/web\/wp-content\/uploads\/2024\/11\/image1-300x200.jpeg 300w, https:\/\/bmxterrassa.cat\/web\/wp-content\/uploads\/2024\/11\/image1-768x512.jpeg 768w, https:\/\/bmxterrassa.cat\/web\/wp-content\/uploads\/2024\/11\/image1-1536x1024.jpeg 1536w, https:\/\/bmxterrassa.cat\/web\/wp-content\/uploads\/2024\/11\/image1-2048x1365.jpeg 2048w, https:\/\/bmxterrassa.cat\/web\/wp-content\/uploads\/2024\/11\/image1-630x420.jpeg 630w, https:\/\/bmxterrassa.cat\/web\/wp-content\/uploads\/2024\/11\/image1-696x464.jpeg 696w, https:\/\/bmxterrassa.cat\/web\/wp-content\/uploads\/2024\/11\/image1-1068x712.jpeg 1068w\" sizes=\"(max-width: 1024px) 100vw, 1024px\" \/><\/figure>\n\n\n\n<figure class=\"wp-block-image size-large\"><img loading=\"lazy\" decoding=\"async\" width=\"1024\" height=\"1024\" data-id=\"6999\" src=\"https:\/\/bmxterrassa.cat\/web\/wp-content\/uploads\/2024\/11\/image3-1024x1024.jpeg\" alt=\"\" class=\"wp-image-6999\" srcset=\"https:\/\/bmxterrassa.cat\/web\/wp-content\/uploads\/2024\/11\/image3-1024x1024.jpeg 1024w, https:\/\/bmxterrassa.cat\/web\/wp-content\/uploads\/2024\/11\/image3-300x300.jpeg 300w, https:\/\/bmxterrassa.cat\/web\/wp-content\/uploads\/2024\/11\/image3-150x150.jpeg 150w, https:\/\/bmxterrassa.cat\/web\/wp-content\/uploads\/2024\/11\/image3-768x768.jpeg 768w, https:\/\/bmxterrassa.cat\/web\/wp-content\/uploads\/2024\/11\/image3-420x420.jpeg 420w, https:\/\/bmxterrassa.cat\/web\/wp-content\/uploads\/2024\/11\/image3-696x696.jpeg 696w, https:\/\/bmxterrassa.cat\/web\/wp-content\/uploads\/2024\/11\/image3-1068x1068.jpeg 1068w, https:\/\/bmxterrassa.cat\/web\/wp-content\/uploads\/2024\/11\/image3.jpeg 1080w\" sizes=\"(max-width: 1024px) 100vw, 1024px\" \/><\/figure>\n<\/figure>\n\n\n\n<p>Las <strong>plazas son limitadas a 20 riders<\/strong> por grupo, total 40 en la jornada de Cl\u00ednic.&nbsp;<\/p>\n\n\n\n<p>Para asegurar la plaza, es indispensable tener la <strong>Licencia UCI 2024 en activo<\/strong> y hacer una <strong>transferencia<\/strong> a la cuenta del <strong>Club BMX Terrassa<\/strong> por valor de <strong>30\u20ac<\/strong>. Importante remarcar el n<strong>ombre y apellido del rider en la transferencia<\/strong>.<\/p>\n\n\n\n<p>Nos encontramos en el Carrer de Reus n\u00ba90 de Terrassa &#8211; <a href=\"https:\/\/maps.app.goo.gl\/F16x7ZYN6Mb68fQq5\" data-type=\"link\" data-id=\"https:\/\/maps.app.goo.gl\/F16x7ZYN6Mb68fQq5\">Ubicaci\u00f3n en maps<\/a><br>Para m\u00e1s informaci\u00f3n contacto a trav\u00e9s de email a Ainhora@bmxterrassa.cat o al tel\u00e9fono +34 722 386 888 \/ +34 644 327 340.<br>\u00a1Os esperamos!<\/p>\n\n\n\n<p><strong>Dossier informativo del Clinic Performance Eddy Clerte<\/strong><\/p>\n\n\n\n<div data-wp-interactive=\"core\/file\" class=\"wp-block-file\"><object data-wp-bind--hidden=\"!state.hasPdfPreview\"  class=\"wp-block-file__embed\" data=\"https:\/\/bmxterrassa.cat\/web\/wp-content\/uploads\/2024\/11\/CLINIC-EDDY-CLERTE.pdf-1.pdf\" type=\"application\/pdf\" style=\"width:100%;height:600px\" aria-label=\"Incrustaci\u00f3 del fitxer CLINIC-EDDY-CLERTE.pdf-1.\"><\/object><a id=\"wp-block-file--media-a2114ce5-f07f-40a3-9924-09b92a7d6c30\" href=\"https:\/\/bmxterrassa.cat\/web\/wp-content\/uploads\/2024\/11\/CLINIC-EDDY-CLERTE.pdf-1.pdf\">CLINIC-EDDY-CLERTE.pdf-1<\/a><a href=\"https:\/\/bmxterrassa.cat\/web\/wp-content\/uploads\/2024\/11\/CLINIC-EDDY-CLERTE.pdf-1.pdf\" class=\"wp-block-file__button wp-element-button\" download aria-describedby=\"wp-block-file--media-a2114ce5-f07f-40a3-9924-09b92a7d6c30\">Baixa<\/a><\/div>\n","protected":false},"excerpt":{"rendered":"<p>Por primera vez y en exclusiva, el Campe\u00f3n del Mundo de Pumptrack y Medalla de Bronce en el Europeo de Zolder&#8217; 21, Eddy Clerte celebrar\u00e1 un Cl\u00ednic Performance pre-carrera bajo el marco del evento del BMXMAS 2024 en el BMX Terrassa el pr\u00f3ximo S\u00e1bado 21 de Diciembre a puerta cerrada. En este Cl\u00ednic se preparar\u00e1 [&hellip;]<\/p>\n","protected":false},"author":6,"featured_media":6997,"comment_status":"open","ping_status":"open","sticky":false,"template":"","format":"standard","meta":{"footnotes":""},"categories":[145],"tags":[],"_links":{"self":[{"href":"https:\/\/bmxterrassa.cat\/web\/wp-json\/wp\/v2\/posts\/6996"}],"collection":[{"href":"https:\/\/bmxterrassa.cat\/web\/wp-json\/wp\/v2\/posts"}],"about":[{"href":"https:\/\/bmxterrassa.cat\/web\/wp-json\/wp\/v2\/types\/post"}],"author":[{"embeddable":true,"href":"https:\/\/bmxterrassa.cat\/web\/wp-json\/wp\/v2\/users\/6"}],"replies":[{"embeddable":true,"href":"https:\/\/bmxterrassa.cat\/web\/wp-json\/wp\/v2\/comments?post=6996"}],"version-history":[{"count":4,"href":"https:\/\/bmxterrassa.cat\/web\/wp-json\/wp\/v2\/posts\/6996\/revisions"}],"predecessor-version":[{"id":7006,"href":"https:\/\/bmxterrassa.cat\/web\/wp-json\/wp\/v2\/posts\/6996\/revisions\/7006"}],"wp:featuredmedia":[{"embeddable":true,"href":"https:\/\/bmxterrassa.cat\/web\/wp-json\/wp\/v2\/media\/6997"}],"wp:attachment":[{"href":"https:\/\/bmxterrassa.cat\/web\/wp-json\/wp\/v2\/media?parent=6996"}],"wp:term":[{"taxonomy":"category","embeddable":true,"href":"https:\/\/bmxterrassa.cat\/web\/wp-json\/wp\/v2\/categories?post=6996"},{"taxonomy":"post_tag","embeddable":true,"href":"https:\/\/bmxterrassa.cat\/web\/wp-json\/wp\/v2\/tags?post=6996"}],"curies":[{"name":"wp","href":"https:\/\/api.w.org\/{rel}","templated":true}]}}